{"id":5213,"date":"2026-05-01T11:04:50","date_gmt":"2026-05-01T09:04:50","guid":{"rendered":"https:\/\/malomice.pl\/?p=5213"},"modified":"2026-05-01T11:06:10","modified_gmt":"2026-05-01T09:06:10","slug":"3-maja-swieto-konstytucji-zapraszamy-do-wspolnego-swietowania","status":"publish","type":"post","link":"https:\/\/malomice.pl\/?p=5213","title":{"rendered":"3 Maja \u2013 \u015awi\u0119to Konstytucji. Zapraszamy do wsp\u00f3lnego \u015bwi\u0119towania."},"content":{"rendered":"\t\t<div data-elementor-type=\"wp-post\" data-elementor-id=\"5213\" class=\"elementor elementor-5213\" data-elementor-post-type=\"post\">\n\t\t\t\t<div class=\"elementor-element elementor-element-5d2d0122 e-flex e-con-boxed e-con e-parent\" data-id=\"5d2d0122\" data-element_type=\"container\" data-e-type=\"container\" data-settings=\"{&quot;ekit_has_onepagescroll_dot&quot;:&quot;yes&quot;}\">\n\t\t\t\t\t<div class=\"e-con-inner\">\n\t\t\t\t<div class=\"elementor-element elementor-element-2fec7685 elementor-widget elementor-widget-text-editor\" data-id=\"2fec7685\" data-element_type=\"widget\" data-e-type=\"widget\" data-settings=\"{&quot;ekit_we_effect_on&quot;:&quot;none&quot;}\" data-widget_type=\"text-editor.default\">\n\t\t\t\t<div class=\"elementor-widget-container\">\n\t\t\t\t\t\t\t\t\t<div class=\"x14z9mp xat24cr x1lziwak x1vvkbs xtlvy1s x126k92a\"><div dir=\"auto\">3 maja obchodzimy jedn\u0105 z najwa\u017cniejszych rocznic w historii Polski \u2013 uchwalenie Konstytucji z 1791 roku, pierwszej w Europie i drugiej na \u015bwiecie.<\/div><div dir=\"auto\">To dzie\u0144, kt\u00f3ry przypomina o warto\u015bciach takich jak wolno\u015b\u0107, odpowiedzialno\u015b\u0107 i wsp\u00f3lnota.<br \/><br \/><\/div><\/div><div class=\"x14z9mp xat24cr x1lziwak x1vvkbs xtlvy1s x126k92a\"><div dir=\"auto\">W tym roku przypada 235. rocznica tego wydarzenia. Z tej okazji zapraszamy mieszka\u0144c\u00f3w do udzia\u0142u w uroczystych obchodach, kt\u00f3re odb\u0119d\u0105 si\u0119 w Ma\u0142omicach:<br \/><br \/><\/div><\/div><div class=\"x14z9mp xat24cr x1lziwak x1vvkbs xtlvy1s x126k92a\"><div dir=\"auto\">Program obchod\u00f3w:<\/div><div dir=\"auto\">\u2022 11:00 \u2013 Msza \u015awi\u0119ta<\/div><div dir=\"auto\">Ko\u015bci\u00f3\u0142 pw. Narodzenia NMP w Ma\u0142omicach<\/div><\/div><div class=\"x14z9mp xat24cr x1lziwak x1vvkbs xtlvy1s x126k92a\"><div dir=\"auto\">\u2022 12:30 \u2013 Uroczysty apel z udzia\u0142em wojskowej asysty honorowej<\/div><div dir=\"auto\">z 10. Brygady Kawalerii Pancernej<\/div><div dir=\"auto\">Plac przed Urz\u0119dem Miejskim<\/div><\/div><div class=\"x14z9mp xat24cr x1lziwak x1vvkbs xtlvy1s x126k92a\"><div dir=\"auto\">\u2022 Z\u0142o\u017cenie wi\u0105zanek pod Pomnikiem Poleg\u0142ych za Woln\u0105 i Niepodleg\u0142\u0105 Polsk\u0119.<br \/><br \/><\/div><\/div><div class=\"x14z9mp xat24cr x1lziwak x1vvkbs xtlvy1s x126k92a\"><div dir=\"auto\">Serdecznie zapraszamy do wsp\u00f3lnego \u015bwi\u0119towania!<\/div><\/div>\t\t\t\t\t\t\t\t<\/div>\n\t\t\t\t<\/div>\n\t\t\t\t<div class=\"elementor-element elementor-element-b4437ec elementor-widget elementor-widget-image\" data-id=\"b4437ec\" data-element_type=\"widget\" data-e-type=\"widget\" data-settings=\"{&quot;ekit_we_effect_on&quot;:&quot;none&quot;}\" data-widget_type=\"image.default\">\n\t\t\t\t<div class=\"elementor-widget-container\">\n\t\t\t\t\t\t\t\t\t\t\t\t\t\t\t<img fetchpriority=\"high\" decoding=\"async\" width=\"724\" height=\"1024\" src=\"https:\/\/malomice.pl\/wp-content\/uploads\/2026\/05\/670564004_122213148452371150_4714930376003601071_n-724x1024.jpg\" class=\"attachment-large size-large wp-image-5214\" alt=\"\" srcset=\"https:\/\/malomice.pl\/wp-content\/uploads\/2026\/05\/670564004_122213148452371150_4714930376003601071_n-724x1024.jpg 724w, https:\/\/malomice.pl\/wp-content\/uploads\/2026\/05\/670564004_122213148452371150_4714930376003601071_n-212x300.jpg 212w, https:\/\/malomice.pl\/wp-content\/uploads\/2026\/05\/670564004_122213148452371150_4714930376003601071_n-768x1086.jpg 768w, https:\/\/malomice.pl\/wp-content\/uploads\/2026\/05\/670564004_122213148452371150_4714930376003601071_n-1086x1536.jpg 1086w, https:\/\/malomice.pl\/wp-content\/uploads\/2026\/05\/670564004_122213148452371150_4714930376003601071_n.jpg 1414w\" sizes=\"(max-width: 724px) 100vw, 724px\" \/>\t\t\t\t\t\t\t\t\t\t\t\t\t\t\t<\/div>\n\t\t\t\t<\/div>\n\t\t\t\t\t<\/div>\n\t\t\t\t<\/div>\n\t\t\t\t<\/div>\n\t\t","protected":false},"excerpt":{"rendered":"<p>3 maja obchodzimy jedn\u0105 z najwa\u017cniejszych rocznic w historii Polski \u2013 uchwalenie Konstytucji z 1791 roku, pierwszej w Europie i [&hellip;]<\/p>\n","protected":false},"author":2,"featured_media":5214,"comment_status":"closed","ping_status":"closed","sticky":false,"template":"","format":"standard","meta":{"_acf_changed":false,"site-sidebar-layout":"default","site-content-layout":"","ast-site-content-layout":"default","site-content-style":"default","site-sidebar-style":"default","ast-global-header-display":"","ast-banner-title-visibility":"","ast-main-header-display":"","ast-hfb-above-header-display":"","ast-hfb-below-header-display":"","ast-hfb-mobile-header-display":"","site-post-title":"","ast-breadcrumbs-content":"","ast-featured-img":"","footer-sml-layout":"","theme-transparent-header-meta":"default","adv-header-id-meta":"","stick-header-meta":"","header-above-stick-meta":"","header-main-stick-meta":"","header-below-stick-meta":"","astra-migrate-meta-layouts":"set","ast-page-background-enabled":"default","ast-page-background-meta":{"desktop":{"background-color":"var(--ast-global-color-5)","background-image":"","background-repeat":"repeat","background-position":"center center","background-size":"auto","background-attachment":"scroll","background-type":"","background-media":"","overlay-type":"","overlay-color":"","overlay-opacity":"","overlay-gradient":""},"tablet":{"background-color":"","background-image":"","background-repeat":"repeat","background-position":"center center","background-size":"auto","background-attachment":"scroll","background-type":"","background-media":"","overlay-type":"","overlay-color":"","overlay-opacity":"","overlay-gradient":""},"mobile":{"background-color":"","background-image":"","background-repeat":"repeat","background-position":"center center","background-size":"auto","background-attachment":"scroll","background-type":"","background-media":"","overlay-type":"","overlay-color":"","overlay-opacity":"","overlay-gradient":""}},"ast-content-background-meta":{"desktop":{"background-color":"var(--ast-global-color-4)","background-image":"","background-repeat":"repeat","background-position":"center center","background-size":"auto","background-attachment":"scroll","background-type":"","background-media":"","overlay-type":"","overlay-color":"","overlay-opacity":"","overlay-gradient":""},"tablet":{"background-color":"var(--ast-global-color-4)","background-image":"","background-repeat":"repeat","background-position":"center center","background-size":"auto","background-attachment":"scroll","background-type":"","background-media":"","overlay-type":"","overlay-color":"","overlay-opacity":"","overlay-gradient":""},"mobile":{"background-color":"var(--ast-global-color-4)","background-image":"","background-repeat":"repeat","background-position":"center center","background-size":"auto","background-attachment":"scroll","background-type":"","background-media":"","overlay-type":"","overlay-color":"","overlay-opacity":"","overlay-gradient":""}},"footnotes":""},"categories":[5],"tags":[],"class_list":["post-5213","post","type-post","status-publish","format-standard","has-post-thumbnail","hentry","category-aktualnosci"],"acf":[],"_links":{"self":[{"href":"https:\/\/malomice.pl\/index.php?rest_route=\/wp\/v2\/posts\/5213","targetHints":{"allow":["GET"]}}],"collection":[{"href":"https:\/\/malomice.pl\/index.php?rest_route=\/wp\/v2\/posts"}],"about":[{"href":"https:\/\/malomice.pl\/index.php?rest_route=\/wp\/v2\/types\/post"}],"author":[{"embeddable":true,"href":"https:\/\/malomice.pl\/index.php?rest_route=\/wp\/v2\/users\/2"}],"replies":[{"embeddable":true,"href":"https:\/\/malomice.pl\/index.php?rest_route=%2Fwp%2Fv2%2Fcomments&post=5213"}],"version-history":[{"count":4,"href":"https:\/\/malomice.pl\/index.php?rest_route=\/wp\/v2\/posts\/5213\/revisions"}],"predecessor-version":[{"id":5218,"href":"https:\/\/malomice.pl\/index.php?rest_route=\/wp\/v2\/posts\/5213\/revisions\/5218"}],"wp:featuredmedia":[{"embeddable":true,"href":"https:\/\/malomice.pl\/index.php?rest_route=\/wp\/v2\/media\/5214"}],"wp:attachment":[{"href":"https:\/\/malomice.pl\/index.php?rest_route=%2Fwp%2Fv2%2Fmedia&parent=5213"}],"wp:term":[{"taxonomy":"category","embeddable":true,"href":"https:\/\/malomice.pl\/index.php?rest_route=%2Fwp%2Fv2%2Fcategories&post=5213"},{"taxonomy":"post_tag","embeddable":true,"href":"https:\/\/malomice.pl\/index.php?rest_route=%2Fwp%2Fv2%2Ftags&post=5213"}],"curies":[{"name":"wp","href":"https:\/\/api.w.org\/{rel}","templated":true}]}}