{"id":5742,"date":"2026-09-01T16:52:46","date_gmt":"2026-09-01T14:52:46","guid":{"rendered":"https:\/\/malomice.pl\/?p=5742"},"modified":"2026-09-01T16:54:41","modified_gmt":"2026-09-01T14:54:41","slug":"spotkanie-z-wojewoda-lubuskim-markiem-cebula","status":"publish","type":"post","link":"https:\/\/malomice.pl\/?p=5742","title":{"rendered":"Spotkanie z Wojewod\u0105 Lubuskim Markiem Cebul\u0105"},"content":{"rendered":"\t\t<div data-elementor-type=\"wp-post\" data-elementor-id=\"5742\" class=\"elementor elementor-5742\" data-elementor-post-type=\"post\">\n\t\t\t\t<div class=\"elementor-element elementor-element-5cdcc20 e-flex e-con-boxed e-con e-parent\" data-id=\"5cdcc20\" data-element_type=\"container\" data-e-type=\"container\" data-settings=\"{&quot;ekit_has_onepagescroll_dot&quot;:&quot;yes&quot;}\">\n\t\t\t\t\t<div class=\"e-con-inner\">\n\t\t\t\t<div class=\"elementor-element elementor-element-50ec6148 elementor-widget elementor-widget-text-editor\" data-id=\"50ec6148\" data-element_type=\"widget\" data-e-type=\"widget\" data-settings=\"{&quot;ekit_we_effect_on&quot;:&quot;none&quot;}\" data-widget_type=\"text-editor.default\">\n\t\t\t\t<div class=\"elementor-widget-container\">\n\t\t\t\t\t\t\t\t\t<div class=\"x14z9mp xat24cr x1lziwak x1vvkbs xtlvy1s x126k92a\"><div dir=\"auto\">W ubieg\u0142ym tygodniu Burmistrz Ma\u0142omic Pawe\u0142 Gorzk\u00f3w spotka\u0142 si\u0119 z Wojewod\u0105 Lubuskim Markiem Cebul\u0105.<br \/><br \/><\/div><\/div><div class=\"x14z9mp xat24cr x1lziwak x1vvkbs xtlvy1s x126k92a\"><div dir=\"auto\">Rozmowa dotyczy\u0142a bie\u017c\u0105cych spraw wa\u017cnych dla Gminy Ma\u0142omice, m.in. post\u0119pu prac przy odbudowie mostu przy elektrowni, realizowanej ze \u015brodk\u00f3w przeznaczonych na usuwanie skutk\u00f3w powodzi, planowanych inwestycji drogowych oraz Zalewu w Ma\u0142omicach. Wa\u017cnym tematem by\u0142y r\u00f3wnie\u017c zagro\u017cenia powodziowe, mo\u017cliwo\u015bci skuteczniejszego zabezpieczenia gminy przed ich skutkami oraz szeroko rozumiane bezpiecze\u0144stwo mieszka\u0144c\u00f3w.<\/div><\/div><div class=\"x14z9mp xat24cr x1lziwak x1vvkbs xtlvy1s x126k92a\"><div dir=\"auto\">Nie zabrak\u0142o r\u00f3wnie\u017c szerszej rozmowy o codziennych wyzwaniach zwi\u0105zanych z zarz\u0105dzaniem gmin\u0105, pozyskiwaniem \u015brodk\u00f3w zewn\u0119trznych oraz odpowiedzialno\u015bci\u0105 wynikaj\u0105c\u0105 z pe\u0142nienia funkcji publicznych.<\/div><div dir=\"auto\">Spotkanie by\u0142o okazj\u0105 do om\u00f3wienia aktualnej sytuacji Gminy Ma\u0142omice, realizowanych przedsi\u0119wzi\u0119\u0107 oraz plan\u00f3w i potrzeb naszego samorz\u0105du.<br \/><br \/><\/div><\/div><div class=\"x14z9mp xat24cr x1lziwak x1vvkbs xtlvy1s x126k92a\"><div dir=\"auto\">Dzi\u0119kujemy Panu Wojewodzie za otwart\u0105, rzeczow\u0105 rozmow\u0119 i zainteresowanie sprawami Gminy Ma\u0142omice.<\/div><\/div>\t\t\t\t\t\t\t\t<\/div>\n\t\t\t\t<\/div>\n\t\t\t\t<div class=\"elementor-element elementor-element-2eb9c5c elementor-widget elementor-widget-gallery\" data-id=\"2eb9c5c\" data-element_type=\"widget\" data-e-type=\"widget\" data-settings=\"{&quot;lazyload&quot;:&quot;yes&quot;,&quot;gallery_layout&quot;:&quot;grid&quot;,&quot;columns&quot;:4,&quot;columns_tablet&quot;:2,&quot;columns_mobile&quot;:1,&quot;gap&quot;:{&quot;unit&quot;:&quot;px&quot;,&quot;size&quot;:10,&quot;sizes&quot;:[]},&quot;gap_tablet&quot;:{&quot;unit&quot;:&quot;px&quot;,&quot;size&quot;:10,&quot;sizes&quot;:[]},&quot;gap_mobile&quot;:{&quot;unit&quot;:&quot;px&quot;,&quot;size&quot;:10,&quot;sizes&quot;:[]},&quot;link_to&quot;:&quot;file&quot;,&quot;aspect_ratio&quot;:&quot;3:2&quot;,&quot;overlay_background&quot;:&quot;yes&quot;,&quot;content_hover_animation&quot;:&quot;fade-in&quot;,&quot;ekit_we_effect_on&quot;:&quot;none&quot;}\" data-widget_type=\"gallery.default\">\n\t\t\t\t<div class=\"elementor-widget-container\">\n\t\t\t\t\t\t\t<div class=\"elementor-gallery__container\">\n\t\t\t\t\t\t\t<a class=\"e-gallery-item elementor-gallery-item elementor-animated-content\" href=\"https:\/\/malomice.pl\/wp-content\/uploads\/2026\/09\/WhatsApp-Image-2026-08-28-at-07.58.51a.jpeg\" data-elementor-open-lightbox=\"yes\" data-elementor-lightbox-slideshow=\"2eb9c5c\" data-elementor-lightbox-title=\"Marek Cebula Pawe\u0142 Gorzk\u00f3w Ma\u0142omice\" data-e-action-hash=\"#elementor-action%3Aaction%3Dlightbox%26settings%3DeyJpZCI6NTc0MywidXJsIjoiaHR0cHM6XC9cL21hbG9taWNlLnBsXC93cC1jb250ZW50XC91cGxvYWRzXC8yMDI2XC8wOVwvV2hhdHNBcHAtSW1hZ2UtMjAyNi0wOC0yOC1hdC0wNy41OC41MWEuanBlZyIsInNsaWRlc2hvdyI6IjJlYjljNWMifQ%3D%3D\">\n\t\t\t\t\t<div class=\"e-gallery-image elementor-gallery-item__image\" data-thumbnail=\"https:\/\/malomice.pl\/wp-content\/uploads\/2026\/09\/WhatsApp-Image-2026-08-28-at-07.58.51a-300x222.jpeg\" data-width=\"300\" data-height=\"222\" aria-label=\"\" role=\"img\" ><\/div>\n\t\t\t\t\t\t\t\t\t\t\t<div class=\"elementor-gallery-item__overlay\"><\/div>\n\t\t\t\t\t\t\t\t\t\t\t\t\t\t<\/a>\n\t\t\t\t\t\t\t<a class=\"e-gallery-item elementor-gallery-item elementor-animated-content\" href=\"https:\/\/malomice.pl\/wp-content\/uploads\/2026\/09\/WhatsApp-Image-2026-08-28-at-07.58.51.jpeg\" data-elementor-open-lightbox=\"yes\" data-elementor-lightbox-slideshow=\"2eb9c5c\" data-elementor-lightbox-title=\"Marek Cebula Pawe\u0142 Gorzk\u00f3w Ma\u0142omice Gmina\" data-e-action-hash=\"#elementor-action%3Aaction%3Dlightbox%26settings%3DeyJpZCI6NTc0NCwidXJsIjoiaHR0cHM6XC9cL21hbG9taWNlLnBsXC93cC1jb250ZW50XC91cGxvYWRzXC8yMDI2XC8wOVwvV2hhdHNBcHAtSW1hZ2UtMjAyNi0wOC0yOC1hdC0wNy41OC41MS5qcGVnIiwic2xpZGVzaG93IjoiMmViOWM1YyJ9\">\n\t\t\t\t\t<div class=\"e-gallery-image elementor-gallery-item__image\" data-thumbnail=\"https:\/\/malomice.pl\/wp-content\/uploads\/2026\/09\/WhatsApp-Image-2026-08-28-at-07.58.51-225x300.jpeg\" data-width=\"225\" data-height=\"300\" aria-label=\"\" role=\"img\" ><\/div>\n\t\t\t\t\t\t\t\t\t\t\t<div class=\"elementor-gallery-item__overlay\"><\/div>\n\t\t\t\t\t\t\t\t\t\t\t\t\t\t<\/a>\n\t\t\t\t\t<\/div>\n\t\t\t\t\t<\/div>\n\t\t\t\t<\/div>\n\t\t\t\t\t<\/div>\n\t\t\t\t<\/div>\n\t\t\t\t<\/div>\n\t\t","protected":false},"excerpt":{"rendered":"<p>W ubieg\u0142ym tygodniu Burmistrz Ma\u0142omic Pawe\u0142 Gorzk\u00f3w spotka\u0142 si\u0119 z Wojewod\u0105 Lubuskim Markiem Cebul\u0105. Rozmowa dotyczy\u0142a bie\u017c\u0105cych spraw wa\u017cnych dla [&hellip;]<\/p>\n","protected":false},"author":2,"featured_media":5744,"comment_status":"closed","ping_status":"closed","sticky":false,"template":"","format":"standard","meta":{"_acf_changed":false,"site-sidebar-layout":"default","site-content-layout":"","ast-site-content-layout":"default","site-content-style":"default","site-sidebar-style":"default","ast-global-header-display":"","ast-banner-title-visibility":"","ast-main-header-display":"","ast-hfb-above-header-display":"","ast-hfb-below-header-display":"","ast-hfb-mobile-header-display":"","site-post-title":"","ast-breadcrumbs-content":"","ast-featured-img":"","footer-sml-layout":"","theme-transparent-header-meta":"default","adv-header-id-meta":"","stick-header-meta":"","header-above-stick-meta":"","header-main-stick-meta":"","header-below-stick-meta":"","astra-migrate-meta-layouts":"set","ast-page-background-enabled":"default","ast-page-background-meta":{"desktop":{"background-color":"var(--ast-global-color-5)","background-image":"","background-repeat":"repeat","background-position":"center center","background-size":"auto","background-attachment":"scroll","background-type":"","background-media":"","overlay-type":"","overlay-color":"","overlay-opacity":"","overlay-gradient":""},"tablet":{"background-color":"","background-image":"","background-repeat":"repeat","background-position":"center center","background-size":"auto","background-attachment":"scroll","background-type":"","background-media":"","overlay-type":"","overlay-color":"","overlay-opacity":"","overlay-gradient":""},"mobile":{"background-color":"","background-image":"","background-repeat":"repeat","background-position":"center center","background-size":"auto","background-attachment":"scroll","background-type":"","background-media":"","overlay-type":"","overlay-color":"","overlay-opacity":"","overlay-gradient":""}},"ast-content-background-meta":{"desktop":{"background-color":"var(--ast-global-color-4)","background-image":"","background-repeat":"repeat","background-position":"center center","background-size":"auto","background-attachment":"scroll","background-type":"","background-media":"","overlay-type":"","overlay-color":"","overlay-opacity":"","overlay-gradient":""},"tablet":{"background-color":"var(--ast-global-color-4)","background-image":"","background-repeat":"repeat","background-position":"center center","background-size":"auto","background-attachment":"scroll","background-type":"","background-media":"","overlay-type":"","overlay-color":"","overlay-opacity":"","overlay-gradient":""},"mobile":{"background-color":"var(--ast-global-color-4)","background-image":"","background-repeat":"repeat","background-position":"center center","background-size":"auto","background-attachment":"scroll","background-type":"","background-media":"","overlay-type":"","overlay-color":"","overlay-opacity":"","overlay-gradient":""}},"footnotes":""},"categories":[5],"tags":[],"class_list":["post-5742","post","type-post","status-publish","format-standard","has-post-thumbnail","hentry","category-aktualnosci"],"acf":[],"_links":{"self":[{"href":"https:\/\/malomice.pl\/index.php?rest_route=\/wp\/v2\/posts\/5742","targetHints":{"allow":["GET"]}}],"collection":[{"href":"https:\/\/malomice.pl\/index.php?rest_route=\/wp\/v2\/posts"}],"about":[{"href":"https:\/\/malomice.pl\/index.php?rest_route=\/wp\/v2\/types\/post"}],"author":[{"embeddable":true,"href":"https:\/\/malomice.pl\/index.php?rest_route=\/wp\/v2\/users\/2"}],"replies":[{"embeddable":true,"href":"https:\/\/malomice.pl\/index.php?rest_route=%2Fwp%2Fv2%2Fcomments&post=5742"}],"version-history":[{"count":4,"href":"https:\/\/malomice.pl\/index.php?rest_route=\/wp\/v2\/posts\/5742\/revisions"}],"predecessor-version":[{"id":5748,"href":"https:\/\/malomice.pl\/index.php?rest_route=\/wp\/v2\/posts\/5742\/revisions\/5748"}],"wp:featuredmedia":[{"embeddable":true,"href":"https:\/\/malomice.pl\/index.php?rest_route=\/wp\/v2\/media\/5744"}],"wp:attachment":[{"href":"https:\/\/malomice.pl\/index.php?rest_route=%2Fwp%2Fv2%2Fmedia&parent=5742"}],"wp:term":[{"taxonomy":"category","embeddable":true,"href":"https:\/\/malomice.pl\/index.php?rest_route=%2Fwp%2Fv2%2Fcategories&post=5742"},{"taxonomy":"post_tag","embeddable":true,"href":"https:\/\/malomice.pl\/index.php?rest_route=%2Fwp%2Fv2%2Ftags&post=5742"}],"curies":[{"name":"wp","href":"https:\/\/api.w.org\/{rel}","templated":true}]}}